{"id":2443,"date":"2025-12-22T19:17:04","date_gmt":"2025-12-22T22:17:04","guid":{"rendered":"https:\/\/www.sindagrirs.org.br\/site\/?p=2443"},"modified":"2025-12-22T19:17:42","modified_gmt":"2025-12-22T22:17:42","slug":"edital-de-convocacao-para-posse-da-diretoria-executiva-e-conselho-fiscal","status":"publish","type":"post","link":"https:\/\/www.sindagrirs.org.br\/site\/edital-de-convocacao-para-posse-da-diretoria-executiva-e-conselho-fiscal\/","title":{"rendered":"Edital de convoca\u00e7\u00e3o para posse da Diretoria Executiva e Conselho Fiscal"},"content":{"rendered":"\n<p class=\"has-text-align-left\">O Presidente do Sindicato dos Servidores do Minist\u00e9rio da Agricultura no Rio Grande do SUL &#8211; SINDAGRI\/RS, no uso de suas atribui\u00e7\u00f5es que lhe conferem os Art. 19 e 45, do Estatuto Social, resolve:<\/p>\n\n\n\n<p>Convocar os membros da Diretoria executiva e Conselho Fiscal, e convidar os demais filiados para participar da Assembleia Geral Ordin\u00e1ria a se realizar no dia 05 de janeiro de 2026, no audit\u00f3rio da SINDAGRI\/RS, localizado na Rua dos Andradas, 955, 5\u00b0 andar, Centro, Porto Alegre\/RS.<\/p>\n\n\n\n<p>Considerando que \u00a9 primeiro dia \u00fatil de janeiro ser\u00e1 uma sexta-feira; considerando que o recesso de final de ano do Sindicato se estende at\u00e9 o dia 04\/01\/2026; fica a Assembleia de Posse convocada para 0 dia 05 de janeiro de 2026 (segunda-feira), em primeira chamada as 13h30 e em segunda chamada as 14h para deliberar sobre o que segue:<\/p>\n\n\n\n<p><strong>Assuntos em pauta:<\/strong><\/p>\n\n\n\n<ol class=\"wp-block-list\">\n<li>Posse da Diretoria e Conselho Fiscal eleitos para o tri\u00e9nio 2026\/2027\/2028<\/li>\n<\/ol>\n\n\n\n<p>Publique-se e cumpra-se.<\/p>\n\n\n\n<p>Lauri dos Santos Feula<br>Presidente do SINDAGRI\/RS<\/p>\n\n\n\n<p>Porto Alegre, 12 de dezembro de 2025.<br><br><a href=\"https:\/\/www.sindagrirs.org.br\/site\/wp-content\/uploads\/2025\/12\/edital-posse.pdf\">>> Veja o edital &lt;&lt;<\/a><\/p>\n","protected":false},"excerpt":{"rendered":"<p>O Presidente do Sindicato dos Servidores do Minist\u00e9rio da Agricultura no Rio Grande do SUL &#8211; SINDAGRI\/RS, no uso de suas atribui\u00e7\u00f5es que lhe conferem os Art. 19 e 45, do Estatuto Social, resolve: Convocar os membros da Diretoria executiva e Conselho Fiscal, e convidar os demais filiados para participar da Assembleia Geral Ordin\u00e1ria a [&hellip;]<\/p>\n","protected":false},"author":3,"featured_media":2441,"comment_status":"closed","ping_status":"open","sticky":false,"template":"","format":"standard","meta":{"footnotes":""},"categories":[7],"tags":[],"class_list":["post-2443","post","type-post","status-publish","format-standard","has-post-thumbnail","hentry","category-noticia"],"_links":{"self":[{"href":"https:\/\/www.sindagrirs.org.br\/site\/wp-json\/wp\/v2\/posts\/2443","targetHints":{"allow":["GET"]}}],"collection":[{"href":"https:\/\/www.sindagrirs.org.br\/site\/wp-json\/wp\/v2\/posts"}],"about":[{"href":"https:\/\/www.sindagrirs.org.br\/site\/wp-json\/wp\/v2\/types\/post"}],"author":[{"embeddable":true,"href":"https:\/\/www.sindagrirs.org.br\/site\/wp-json\/wp\/v2\/users\/3"}],"replies":[{"embeddable":true,"href":"https:\/\/www.sindagrirs.org.br\/site\/wp-json\/wp\/v2\/comments?post=2443"}],"version-history":[{"count":2,"href":"https:\/\/www.sindagrirs.org.br\/site\/wp-json\/wp\/v2\/posts\/2443\/revisions"}],"predecessor-version":[{"id":2445,"href":"https:\/\/www.sindagrirs.org.br\/site\/wp-json\/wp\/v2\/posts\/2443\/revisions\/2445"}],"wp:featuredmedia":[{"embeddable":true,"href":"https:\/\/www.sindagrirs.org.br\/site\/wp-json\/wp\/v2\/media\/2441"}],"wp:attachment":[{"href":"https:\/\/www.sindagrirs.org.br\/site\/wp-json\/wp\/v2\/media?parent=2443"}],"wp:term":[{"taxonomy":"category","embeddable":true,"href":"https:\/\/www.sindagrirs.org.br\/site\/wp-json\/wp\/v2\/categories?post=2443"},{"taxonomy":"post_tag","embeddable":true,"href":"https:\/\/www.sindagrirs.org.br\/site\/wp-json\/wp\/v2\/tags?post=2443"}],"curies":[{"name":"wp","href":"https:\/\/api.w.org\/{rel}","templated":true}]}}