{"id":2415,"date":"2025-12-17T11:30:53","date_gmt":"2025-12-17T14:30:53","guid":{"rendered":"https:\/\/www.sindagrirs.org.br\/site\/?p=2415"},"modified":"2025-12-17T11:34:34","modified_gmt":"2025-12-17T14:34:34","slug":"recesso-da-assessoria-juridica-bordas-advogados","status":"publish","type":"post","link":"https:\/\/www.sindagrirs.org.br\/site\/recesso-da-assessoria-juridica-bordas-advogados\/","title":{"rendered":"Recesso da Assessoria Jur\u00eddica &#8211; Bordas Advogados"},"content":{"rendered":"\t\t<div data-elementor-type=\"wp-post\" data-elementor-id=\"2415\" class=\"elementor elementor-2415\">\n\t\t\t\t<div class=\"elementor-element elementor-element-135853e3 e-flex e-con-boxed e-con e-parent\" data-id=\"135853e3\" data-element_type=\"container\" data-settings=\"{&quot;jet_parallax_layout_list&quot;:[]}\">\n\t\t\t\t\t<div class=\"e-con-inner\">\n\t\t\t\t<div class=\"elementor-element elementor-element-6eeb2457 elementor-widget elementor-widget-text-editor\" data-id=\"6eeb2457\" data-element_type=\"widget\" data-widget_type=\"text-editor.default\">\n\t\t\t\t<div class=\"elementor-widget-container\">\n\t\t\t\t\t\t\t<p>Em raz\u00e3o do recesso da Justi\u00e7a, o escrit\u00f3rio\u00a0Bordas Advogados Associados\u00a0estar\u00e1 em f\u00e9rias coletivas no per\u00edodo de\u00a020\/12\/2025 a 11\/01\/2026, retomando suas atividades em\u00a012\/01\/2026.<\/p>\n<p>Em caso de necessidade de medidas judiciais urgentes,\u00a0 entrem em contato com o\u00a0Sindicato, que manter\u00e1 comunica\u00e7\u00e3o direta com os advogados.<\/p>\n<p>Fique atento e n\u00e3o caia em golpes!\u00a0Nesse per\u00edodo,\u00a0comunicamos que nenhum funcion\u00e1rio ou advogado de nossa equipe realizar\u00e1 contato sobre processos judiciais. Recordamos que os processos judiciais estar\u00e3o suspensos por conta do recesso do judici\u00e1rio.<\/p>\n<p>Assim, caso receba e-mail, WhatsApp, liga\u00e7\u00e3o em nome do escrit\u00f3rio desconsidere, bloqueie o contato e denuncie. N\u00e3o forne\u00e7a seus dados pessoais e, muito menos, realize qualquer pagamento.<\/p>\t\t\t\t\t\t<\/div>\n\t\t\t\t<\/div>\n\t\t\t\t\t<\/div>\n\t\t\t\t<\/div>\n\t\t\t\t<\/div>\n\t\t","protected":false},"excerpt":{"rendered":"<p>Em raz\u00e3o do recesso da Justi\u00e7a, o escrit\u00f3rio\u00a0Bordas Advogados Associados\u00a0estar\u00e1 em f\u00e9rias coletivas no per\u00edodo de\u00a020\/12\/2025 a 11\/01\/2026, retomando suas atividades em\u00a012\/01\/2026. Em caso de necessidade de medidas judiciais urgentes,\u00a0 entrem em contato com o\u00a0Sindicato, que manter\u00e1 comunica\u00e7\u00e3o direta com os advogados. Fique atento e n\u00e3o caia em golpes!\u00a0Nesse per\u00edodo,\u00a0comunicamos que nenhum funcion\u00e1rio ou advogado [&hellip;]<\/p>\n","protected":false},"author":1,"featured_media":2417,"comment_status":"closed","ping_status":"open","sticky":false,"template":"","format":"standard","meta":{"footnotes":""},"categories":[7],"tags":[],"class_list":["post-2415","post","type-post","status-publish","format-standard","has-post-thumbnail","hentry","category-noticia"],"_links":{"self":[{"href":"https:\/\/www.sindagrirs.org.br\/site\/wp-json\/wp\/v2\/posts\/2415","targetHints":{"allow":["GET"]}}],"collection":[{"href":"https:\/\/www.sindagrirs.org.br\/site\/wp-json\/wp\/v2\/posts"}],"about":[{"href":"https:\/\/www.sindagrirs.org.br\/site\/wp-json\/wp\/v2\/types\/post"}],"author":[{"embeddable":true,"href":"https:\/\/www.sindagrirs.org.br\/site\/wp-json\/wp\/v2\/users\/1"}],"replies":[{"embeddable":true,"href":"https:\/\/www.sindagrirs.org.br\/site\/wp-json\/wp\/v2\/comments?post=2415"}],"version-history":[{"count":15,"href":"https:\/\/www.sindagrirs.org.br\/site\/wp-json\/wp\/v2\/posts\/2415\/revisions"}],"predecessor-version":[{"id":2433,"href":"https:\/\/www.sindagrirs.org.br\/site\/wp-json\/wp\/v2\/posts\/2415\/revisions\/2433"}],"wp:featuredmedia":[{"embeddable":true,"href":"https:\/\/www.sindagrirs.org.br\/site\/wp-json\/wp\/v2\/media\/2417"}],"wp:attachment":[{"href":"https:\/\/www.sindagrirs.org.br\/site\/wp-json\/wp\/v2\/media?parent=2415"}],"wp:term":[{"taxonomy":"category","embeddable":true,"href":"https:\/\/www.sindagrirs.org.br\/site\/wp-json\/wp\/v2\/categories?post=2415"},{"taxonomy":"post_tag","embeddable":true,"href":"https:\/\/www.sindagrirs.org.br\/site\/wp-json\/wp\/v2\/tags?post=2415"}],"curies":[{"name":"wp","href":"https:\/\/api.w.org\/{rel}","templated":true}]}}