{"id":2395,"date":"2025-12-12T16:41:51","date_gmt":"2025-12-12T19:41:51","guid":{"rendered":"https:\/\/www.sindagrirs.org.br\/site\/?p=2395"},"modified":"2025-12-12T16:43:02","modified_gmt":"2025-12-12T19:43:02","slug":"convocacao-para-posse-da-diretoria-executiva-e-do-conselho-fiscal","status":"publish","type":"post","link":"https:\/\/www.sindagrirs.org.br\/site\/convocacao-para-posse-da-diretoria-executiva-e-do-conselho-fiscal\/","title":{"rendered":"Convoca\u00e7\u00e3o para posse da Diretoria Executiva e do Conselho Fiscal"},"content":{"rendered":"\n<p>Em cumprimento aos preceitos estatut\u00e1rios e ao Regulamento Eleitoral vigente, ficam convocados os associados eleitos no pleito realizado em 9 e 10 de dezembro de 2025, cuja apura\u00e7\u00e3o ocorreu em 11 de dezembro de 2025, para tomarem posse nos respectivos cargos da Diretoria Executiva e do Conselho Fiscal, para o mandato com vig\u00eancia de 01 de janeiro de 2026 a 31 de dezembro de 2028.<\/p>\n\n\n\n<p>Considerando que o primeiro dia \u00fatil de janeiro ser\u00e1 uma sexta-feira; considerando que o recesso de final de ano do Sindicato se estende at\u00e9 o dia 04\/01\/2026; fica a Assembleia de Posse convocada para o dia 05 de janeiro de 2026 (segunda-feira), em primeira chamada \u00e0s 13h30 em primeira chamada e segunda chamada \u00e0s 14h.<\/p>\n\n\n\n<p><strong>A cerim\u00f4nia de posse ocorrer\u00e1:<\/strong><br>Dia: 05 de janeiro de 2026<br>Hor\u00e1rio: 13:30h em primeira chamada<br>14:00h em segunda chamada<br>Local: Sede do SINDAGRI\/RS \u2013 Rua dos Andradas, n\u00b0 955 \u2013 5\u00b0 andar.<br><br><a href=\"https:\/\/www.sindagrirs.org.br\/site\/wp-content\/uploads\/2025\/12\/convocacao-posse-1.pdf\">>> Baixe a convoca\u00e7\u00e3o &lt;&lt;<\/a><\/p>\n","protected":false},"excerpt":{"rendered":"<p>Em cumprimento aos preceitos estatut\u00e1rios e ao Regulamento Eleitoral vigente, ficam convocados os associados eleitos no pleito realizado em 9 e 10 de dezembro de 2025, cuja apura\u00e7\u00e3o ocorreu em 11 de dezembro de 2025, para tomarem posse nos respectivos cargos da Diretoria Executiva e do Conselho Fiscal, para o mandato com vig\u00eancia de 01 [&hellip;]<\/p>\n","protected":false},"author":3,"featured_media":2302,"comment_status":"closed","ping_status":"open","sticky":false,"template":"","format":"standard","meta":{"footnotes":""},"categories":[7],"tags":[],"class_list":["post-2395","post","type-post","status-publish","format-standard","has-post-thumbnail","hentry","category-noticia"],"_links":{"self":[{"href":"https:\/\/www.sindagrirs.org.br\/site\/wp-json\/wp\/v2\/posts\/2395","targetHints":{"allow":["GET"]}}],"collection":[{"href":"https:\/\/www.sindagrirs.org.br\/site\/wp-json\/wp\/v2\/posts"}],"about":[{"href":"https:\/\/www.sindagrirs.org.br\/site\/wp-json\/wp\/v2\/types\/post"}],"author":[{"embeddable":true,"href":"https:\/\/www.sindagrirs.org.br\/site\/wp-json\/wp\/v2\/users\/3"}],"replies":[{"embeddable":true,"href":"https:\/\/www.sindagrirs.org.br\/site\/wp-json\/wp\/v2\/comments?post=2395"}],"version-history":[{"count":1,"href":"https:\/\/www.sindagrirs.org.br\/site\/wp-json\/wp\/v2\/posts\/2395\/revisions"}],"predecessor-version":[{"id":2397,"href":"https:\/\/www.sindagrirs.org.br\/site\/wp-json\/wp\/v2\/posts\/2395\/revisions\/2397"}],"wp:featuredmedia":[{"embeddable":true,"href":"https:\/\/www.sindagrirs.org.br\/site\/wp-json\/wp\/v2\/media\/2302"}],"wp:attachment":[{"href":"https:\/\/www.sindagrirs.org.br\/site\/wp-json\/wp\/v2\/media?parent=2395"}],"wp:term":[{"taxonomy":"category","embeddable":true,"href":"https:\/\/www.sindagrirs.org.br\/site\/wp-json\/wp\/v2\/categories?post=2395"},{"taxonomy":"post_tag","embeddable":true,"href":"https:\/\/www.sindagrirs.org.br\/site\/wp-json\/wp\/v2\/tags?post=2395"}],"curies":[{"name":"wp","href":"https:\/\/api.w.org\/{rel}","templated":true}]}}