{"id":2300,"date":"2025-10-06T18:27:44","date_gmt":"2025-10-06T21:27:44","guid":{"rendered":"https:\/\/www.sindagrirs.org.br\/site\/?p=2300"},"modified":"2025-11-07T15:16:00","modified_gmt":"2025-11-07T18:16:00","slug":"eleicoes-sindicais","status":"publish","type":"post","link":"https:\/\/www.sindagrirs.org.br\/site\/eleicoes-sindicais\/","title":{"rendered":"Elei\u00e7\u00f5es sindicais"},"content":{"rendered":"\n<p>SINDICATO DOS SERVIDORES DO MINIST\u00c9RIO DA AGRICULTURA NO RIO GRANDE DO SUL &#8211; SINDAGRI\/RS<\/p>\n\n\n\n<p>AVISO RESUMIDO DO EDITAL DE CONVOCA\u00c7\u00c3O<\/p>\n\n\n\n<p>No dia 10 de dezembro de 2025, de acordo como previsto no Artigo 45, par\u00e1grafos 1\u00b0 e 3 do Estatuto do SINDAGRI\/RS, realizar-se-a a elei\u00e7\u00e3o da Diretoria Executiva, do Conselho Fiscal e respectivos suplentes do SINDAGRI\/RS, para o per\u00edodo de 1\u00b0 de janeiro de 2026 a 31 de dezembro de 2028.<\/p>\n\n\n\n<p>A elei\u00e7\u00e3o processar-se-\u00e1 por meio de chapas com a nominata dos candidatos e respectivos cargos, de forma distinta para Diretoria Executiva e Conselho Fiscal, que dever\u00e3o ser registradas na secretaria do SINDAGRI\/RS at\u00e9 30 (trinta) dias antes da data da elei\u00e7\u00e3o. De acordo com o Artigo 46 par\u00e1grafo 1\u00b0 do Estatuto do SINDAGRI\/RS, a forma de elei\u00e7\u00e3o ser\u00e1 de forma direta atrav\u00e9s de voto impresso ou de forma eletr\u00f4nica, cabendo \u00e0 Comiss\u00e3o Eleitoral estabelecer a forma de vota\u00e7\u00e3o, impressa, virtual ou mista, conforme o disposto no Artigo 23, letra A do Regulamento Eleitoral do SINDAGRI\/RS.<\/p>\n\n\n\n<p>A integra do Edital de Convoca\u00e7\u00e3o encontra-se aqui no site (www.sindagri.org.br) e na secretaria do sindicato, afixado na sede do mesmo. C\u00f3pias e instru\u00e7\u00f5es complementares sobre a elei\u00e7\u00e3o, ser\u00e3o enviadas por meio eletr\u00f4nico aos s\u00f3cios e publicadas no site do SINDAGRI\/RS at\u00e9 30 (trinta) dias antes do pleito (10\/11\/2025).<\/p>\n\n\n\n<p>Porto Alegre, 06 de outubro de 2025<br>Lauri dos Santos Feula &#8211; Presidente do SINDAGRI\/RS<\/p>\n\n\n\n<p><br>Acesse na \u00edntegra o regulamento eleitoral do ordenamento geral clicando no bot\u00e3o abaixo.<\/p>\n\n\n\n<div class=\"wp-block-buttons is-layout-flex wp-block-buttons-is-layout-flex\">\n<div class=\"wp-block-button has-custom-width wp-block-button__width-50 is-style-fill\"><a class=\"wp-block-button__link has-background wp-element-button\" href=\"https:\/\/www.sindagrirs.org.br\/site\/wp-content\/uploads\/2025\/10\/Regulamento-Eleitoral.pdf\" style=\"border-radius:8px;background-color:#019269\" target=\"_blank\" rel=\"noreferrer noopener\">Regulamento eleitoral<\/a><\/div>\n<\/div>\n\n\n\n<p>Acesse o edital de convoca\u00e7\u00e3o clicando no bot\u00e3o abaixo.<\/p>\n\n\n\n<div class=\"wp-block-buttons is-layout-flex wp-block-buttons-is-layout-flex\">\n<div class=\"wp-block-button has-custom-width wp-block-button__width-50 is-style-fill\"><a class=\"wp-block-button__link has-background wp-element-button\" href=\"https:\/\/www.sindagrirs.org.br\/site\/wp-content\/uploads\/2025\/10\/edital-eleicoes-completo.pdf\" style=\"border-radius:8px;background-color:#019269\" target=\"_blank\" rel=\"noreferrer noopener\">Edital de convoca\u00e7\u00e3o<\/a><\/div>\n<\/div>\n\n\n\n<p>Acesse o edital retificador do edital de convoca\u00e7\u00e3o clicando no bot\u00e3o abaixo.<\/p>\n\n\n\n<div class=\"wp-block-buttons is-layout-flex wp-block-buttons-is-layout-flex\">\n<div class=\"wp-block-button has-custom-width wp-block-button__width-50 is-style-fill\"><a class=\"wp-block-button__link has-background wp-element-button\" href=\"https:\/\/www.sindagrirs.org.br\/site\/wp-content\/uploads\/2025\/11\/edital-convocacao2628.pdf\" style=\"border-radius:8px;background-color:#019269\" target=\"_blank\" rel=\"noreferrer noopener\">Edital de retificador<\/a><\/div>\n<\/div>\n\n\n\n<p>Acesse a portaria de nomea\u00e7\u00e3o da comiss\u00e3o eleitoral clicando no bot\u00e3o abaixo.<\/p>\n\n\n\n<div class=\"wp-block-buttons is-layout-flex wp-block-buttons-is-layout-flex\">\n<div class=\"wp-block-button has-custom-width wp-block-button__width-50 is-style-fill\"><a class=\"wp-block-button__link has-background wp-element-button\" href=\"https:\/\/www.sindagrirs.org.br\/site\/wp-content\/uploads\/2025\/10\/comissao-eleitoral2628.pdf\" style=\"border-radius:8px;background-color:#019269\" target=\"_blank\" rel=\"noreferrer noopener\">Comiss\u00e3o eleitoral<\/a><\/div>\n<\/div>\n\n\n\n<p>Acesse a portaria de nomea\u00e7\u00e3o da ata de posse clicando no bot\u00e3o abaixo.<\/p>\n\n\n\n<div class=\"wp-block-buttons is-layout-flex wp-block-buttons-is-layout-flex\">\n<div class=\"wp-block-button has-custom-width wp-block-button__width-50 is-style-fill\"><a class=\"wp-block-button__link has-background wp-element-button\" href=\"https:\/\/www.sindagrirs.org.br\/site\/wp-content\/uploads\/2025\/10\/ata-posse.pdf\" style=\"border-radius:8px;background-color:#019269\" target=\"_blank\" rel=\"noreferrer noopener\">Ata de posse<\/a><\/div>\n<\/div>\n\n\n\n<p>Acesse a portaria de nomea\u00e7\u00e3o da of\u00edcio eleitoral clicando no bot\u00e3o abaixo.<\/p>\n\n\n\n<div class=\"wp-block-buttons is-layout-flex wp-block-buttons-is-layout-flex\">\n<div class=\"wp-block-button has-custom-width wp-block-button__width-50 is-style-fill\"><a class=\"wp-block-button__link has-background wp-element-button\" href=\"https:\/\/www.sindagrirs.org.br\/site\/wp-content\/uploads\/2025\/10\/oficio-eleitoral.pdf\" style=\"border-radius:8px;background-color:#019269\" target=\"_blank\" rel=\"noreferrer noopener\">Of\u00edcio eleitoral 1<\/a><\/div>\n\n\n\n<div class=\"wp-block-button has-custom-width wp-block-button__width-50 is-style-fill\"><a class=\"wp-block-button__link has-background wp-element-button\" href=\"https:\/\/www.sindagrirs.org.br\/site\/wp-content\/uploads\/2025\/10\/oficio-comissao-eleitoral.pdf\" style=\"border-radius:8px;background-color:#019269\" target=\"_blank\" rel=\"noreferrer noopener\">Of\u00edcio eleitoral 2<\/a><\/div>\n<\/div>\n\n\n\n<p>Acesse a nota jur\u00eddica clicando no bot\u00e3o abaixo.<\/p>\n\n\n\n<div class=\"wp-block-buttons is-layout-flex wp-block-buttons-is-layout-flex\">\n<div class=\"wp-block-button has-custom-width wp-block-button__width-50 is-style-fill\"><a class=\"wp-block-button__link has-background wp-element-button\" href=\"https:\/\/www.sindagrirs.org.br\/site\/wp-content\/uploads\/2025\/10\/nota-juridica.pdf\" style=\"border-radius:8px;background-color:#019269\" target=\"_blank\" rel=\"noreferrer noopener\">Nota jur\u00eddica<\/a><\/div>\n<\/div>\n\n\n\n<p><\/p>\n","protected":false},"excerpt":{"rendered":"<p>SINDICATO DOS SERVIDORES DO MINIST\u00c9RIO DA AGRICULTURA NO RIO GRANDE DO SUL &#8211; SINDAGRI\/RS AVISO RESUMIDO DO EDITAL DE CONVOCA\u00c7\u00c3O No dia 10 de dezembro de 2025, de acordo como previsto no Artigo 45, par\u00e1grafos 1\u00b0 e 3 do Estatuto do SINDAGRI\/RS, realizar-se-a a elei\u00e7\u00e3o da Diretoria Executiva, do Conselho Fiscal e respectivos suplentes do [&hellip;]<\/p>\n","protected":false},"author":1,"featured_media":2302,"comment_status":"closed","ping_status":"open","sticky":false,"template":"","format":"standard","meta":{"footnotes":""},"categories":[7],"tags":[],"class_list":["post-2300","post","type-post","status-publish","format-standard","has-post-thumbnail","hentry","category-noticia"],"_links":{"self":[{"href":"https:\/\/www.sindagrirs.org.br\/site\/wp-json\/wp\/v2\/posts\/2300","targetHints":{"allow":["GET"]}}],"collection":[{"href":"https:\/\/www.sindagrirs.org.br\/site\/wp-json\/wp\/v2\/posts"}],"about":[{"href":"https:\/\/www.sindagrirs.org.br\/site\/wp-json\/wp\/v2\/types\/post"}],"author":[{"embeddable":true,"href":"https:\/\/www.sindagrirs.org.br\/site\/wp-json\/wp\/v2\/users\/1"}],"replies":[{"embeddable":true,"href":"https:\/\/www.sindagrirs.org.br\/site\/wp-json\/wp\/v2\/comments?post=2300"}],"version-history":[{"count":16,"href":"https:\/\/www.sindagrirs.org.br\/site\/wp-json\/wp\/v2\/posts\/2300\/revisions"}],"predecessor-version":[{"id":2377,"href":"https:\/\/www.sindagrirs.org.br\/site\/wp-json\/wp\/v2\/posts\/2300\/revisions\/2377"}],"wp:featuredmedia":[{"embeddable":true,"href":"https:\/\/www.sindagrirs.org.br\/site\/wp-json\/wp\/v2\/media\/2302"}],"wp:attachment":[{"href":"https:\/\/www.sindagrirs.org.br\/site\/wp-json\/wp\/v2\/media?parent=2300"}],"wp:term":[{"taxonomy":"category","embeddable":true,"href":"https:\/\/www.sindagrirs.org.br\/site\/wp-json\/wp\/v2\/categories?post=2300"},{"taxonomy":"post_tag","embeddable":true,"href":"https:\/\/www.sindagrirs.org.br\/site\/wp-json\/wp\/v2\/tags?post=2300"}],"curies":[{"name":"wp","href":"https:\/\/api.w.org\/{rel}","templated":true}]}}