{"id":2279,"date":"2025-08-21T16:32:12","date_gmt":"2025-08-21T19:32:12","guid":{"rendered":"https:\/\/www.sindagrirs.org.br\/site\/?p=2279"},"modified":"2025-08-21T16:34:42","modified_gmt":"2025-08-21T19:34:42","slug":"a-partir-de-decisao-judicial-obtida-pelo-sindagri-rs-auditores-fiscais-federais-agropecuarios-terao-suas-progressoes-funcionais-corrigidas","status":"publish","type":"post","link":"https:\/\/www.sindagrirs.org.br\/site\/a-partir-de-decisao-judicial-obtida-pelo-sindagri-rs-auditores-fiscais-federais-agropecuarios-terao-suas-progressoes-funcionais-corrigidas\/","title":{"rendered":"A partir de decis\u00e3o judicial obtida pelo SINDAGRI-RS, auditores fiscais federais agropecu\u00e1rios ter\u00e3o suas progress\u00f5es funcionais corrigidas"},"content":{"rendered":"\n<p><strong>Direto ao ponto: este informativo \u00e9 destinado aos Auditores Fiscais Federais Agropecu\u00e1rios lotados no Rio Grande do Sul, que ingressaram na carreira a partir de 2004.<\/strong><br><br>Em cumprimento \u00e0 decis\u00e3o judicial proferida em a\u00e7\u00e3o coletiva movida pelo Sindicato, no \u00faltimo dia 12, o Minist\u00e9rio da Agricultura publicou a <a href=\"https:\/\/t.rdsv2.net\/ls\/click?upn=u001.PBUmK8TI043OyaHVVS7EQDGxvSl4-2B0TT5YNw7TLjhCXjX6H6U8dzjxh48x66KPyVce6QaseVHgIydgTztr8TXpO9ck8NZcXpWFsfrmKTrrz0G2llVECMItLPU4Y1alOIFX9wFuARLeIwHnFOBG9bB7FpeA2DgXaxCP08inHeOMgFcDN5s32AX7Bbz8kiDf0ldPhEPVMRIsXD66wdUct254jhnecskuj5BdhBahxPd94VNvUxcQmB1TudfsAnLz2NecNg_Kh6CP1XRPgt8cIYRAFVjmehh5NWUs69C7WKPJIFpkU7GCxeTt57z1AONOt-2BxTn5MrBHeoAdOe-2BiyABDoEYmQYABmPVqgL8FgauNKR-2BDQCy2CfCvYxS-2FU5pWNwlg6L-2BJHZI0jrT5bHLdFCzz8pMtv6Le9iimSgOATgMwH0DnyU8WH1dWr-2FekJTgORI3L4YIHKnfjAVsqowEORXQ-2B-2BxmLaqVVeV7tc-2FPYrfQoxW32WvOo-2F37RKbwZ7lh-2FsEt6MVL66ye6EjmMa7KyEDteF3aEJn4PIKSjff7EyReIUDCIJZbo-3D\" target=\"_blank\" rel=\"noreferrer noopener\">Portaria SGP\/MAPA n\u00ba 338<\/a>, reconhecendo o direito \u00e0 progress\u00e3o funcional retroativa dos auditores fiscais lotados no RS, considerando a data de ingresso na carreira, para fins de contagem dos interst\u00edcios.<\/p>\n\n\n\n<p>A a\u00e7\u00e3o coletiva foi ajuizada pelo Sindicato, em 2021, para corre\u00e7\u00e3o das progress\u00f5es funcionais, pois a Administra\u00e7\u00e3o estava utilizando interst\u00edcios fixos estabelecidos em lei, sem observar a data efetiva de ingresso na carreira. Tal entendimento atrasou a evolu\u00e7\u00e3o dos auditores na carreira, gerando um preju\u00edzo funcional e financeiro.<\/p>\n\n\n\n<p>A partir da corre\u00e7\u00e3o do enquadramento funcional, \u00e9 necess\u00e1rio o ajuizamento de cumprimento de senten\u00e7a individual para cobran\u00e7a dos atrasados.<\/p>\n\n\n\n<p><strong>Quem tem direito \u00e0 a\u00e7\u00e3o coletiva:<\/strong><\/p>\n\n\n\n<p>1) Auditor(a) Fiscal Federal Agropecu\u00e1rio(a), lotado no RS, que ingressou na carreira a partir de 2004 (independentemente de ser s\u00f3cio).<\/p>\n\n\n\n<p>2) N\u00e3o ter ingressado com a\u00e7\u00e3o individual sobre o assunto.<\/p>\n\n\n\n<p><strong>O que fazer?<\/strong> \u00c9 importante destacar que n\u00e3o haver\u00e1 pagamento na via administrativa das diferen\u00e7as salariais referentes \u00e0s progress\u00f5es j\u00e1 concedidas e que ser\u00e3o revisadas. Tais diferen\u00e7as dever\u00e3o ser reivindicadas por dentro do processo coletivo. Para receber os cr\u00e9ditos judiciais, acesse o kit de documentos em <a href=\"https:\/\/t.rdsv2.net\/ls\/click?upn=u001.PBUmK8TI043OyaHVVS7EQDGxvSl4-2B0TT5YNw7TLjhCXjX6H6U8dzjxh48x66KPyVce6QaseVHgIydgTztr8TXkZ-2F7ZV707FuC8lZh6PylMqbX6jxfx7Zdd0fEGfIlXXDz-2FhgWCcgw1jZ26U9FaXwnYP-2FzyrRgXhOWiyrWh1PzSR6hilSq-2BVRl8oblVSfiC5GRgzJMWKntp6Y1NYXB8gVEeV3m-2BJMTe0dSZEaiZ1s3lLuP6wxAPY3ZjNz6PMkITUW_bal_Kh6CP1XRPgt8cIYRAFVjmehh5NWUs69C7WKPJIFpkU7GCxeTt57z1AONOt-2BxTn5MrBHeoAdOe-2BiyABDoEYmQYABmPVqgL8FgauNKR-2BDQCy2CfCvYxS-2FU5pWNwlg6L-2BJHZI0jrT5bHLdFCzz8pMtv6Le9iimSgOATgMwH0DnyU8X47jp2n1whdMA7XlrqOgK6yO9mQf2CndaCrIIYTYRhQLTh3mNGv14NDe6tO3TvAA1uDdqBevvlgy9Vstl9jhMAJIDT0SlVD5SmLZ-2BrJRvFo-2BhG05x3C-2Bx1yJRkP1TKRs0-3D\" target=\"_blank\" rel=\"noreferrer noopener\">WORD<\/a> ou <a href=\"https:\/\/www.bordas.adv.br\/wp-content\/uploads\/2025\/08\/portaria-mapa1.pdf\" target=\"_blank\" rel=\"noreferrer noopener\">PDF<\/a> e envie para <a href=\"mailto:bordas@bordas.adv.br\">bordas@bordas.adv.br<\/a>.<\/p>\n\n\n\n<p><\/p>\n","protected":false},"excerpt":{"rendered":"<p>Direto ao ponto: este informativo \u00e9 destinado aos Auditores Fiscais Federais Agropecu\u00e1rios lotados no Rio Grande do Sul, que ingressaram na carreira a partir de 2004. Em cumprimento \u00e0 decis\u00e3o judicial proferida em a\u00e7\u00e3o coletiva movida pelo Sindicato, no \u00faltimo dia 12, o Minist\u00e9rio da Agricultura publicou a Portaria SGP\/MAPA n\u00ba 338, reconhecendo o direito [&hellip;]<\/p>\n","protected":false},"author":3,"featured_media":2278,"comment_status":"closed","ping_status":"open","sticky":false,"template":"","format":"standard","meta":{"footnotes":""},"categories":[7],"tags":[],"class_list":["post-2279","post","type-post","status-publish","format-standard","has-post-thumbnail","hentry","category-noticia"],"_links":{"self":[{"href":"https:\/\/www.sindagrirs.org.br\/site\/wp-json\/wp\/v2\/posts\/2279","targetHints":{"allow":["GET"]}}],"collection":[{"href":"https:\/\/www.sindagrirs.org.br\/site\/wp-json\/wp\/v2\/posts"}],"about":[{"href":"https:\/\/www.sindagrirs.org.br\/site\/wp-json\/wp\/v2\/types\/post"}],"author":[{"embeddable":true,"href":"https:\/\/www.sindagrirs.org.br\/site\/wp-json\/wp\/v2\/users\/3"}],"replies":[{"embeddable":true,"href":"https:\/\/www.sindagrirs.org.br\/site\/wp-json\/wp\/v2\/comments?post=2279"}],"version-history":[{"count":4,"href":"https:\/\/www.sindagrirs.org.br\/site\/wp-json\/wp\/v2\/posts\/2279\/revisions"}],"predecessor-version":[{"id":2283,"href":"https:\/\/www.sindagrirs.org.br\/site\/wp-json\/wp\/v2\/posts\/2279\/revisions\/2283"}],"wp:featuredmedia":[{"embeddable":true,"href":"https:\/\/www.sindagrirs.org.br\/site\/wp-json\/wp\/v2\/media\/2278"}],"wp:attachment":[{"href":"https:\/\/www.sindagrirs.org.br\/site\/wp-json\/wp\/v2\/media?parent=2279"}],"wp:term":[{"taxonomy":"category","embeddable":true,"href":"https:\/\/www.sindagrirs.org.br\/site\/wp-json\/wp\/v2\/categories?post=2279"},{"taxonomy":"post_tag","embeddable":true,"href":"https:\/\/www.sindagrirs.org.br\/site\/wp-json\/wp\/v2\/tags?post=2279"}],"curies":[{"name":"wp","href":"https:\/\/api.w.org\/{rel}","templated":true}]}}