{"id":2259,"date":"2025-08-13T16:00:42","date_gmt":"2025-08-13T19:00:42","guid":{"rendered":"https:\/\/www.sindagrirs.org.br\/site\/?p=2259"},"modified":"2025-08-13T17:41:04","modified_gmt":"2025-08-13T20:41:04","slug":"assembleia-geral-extraordinaria","status":"publish","type":"post","link":"https:\/\/www.sindagrirs.org.br\/site\/assembleia-geral-extraordinaria\/","title":{"rendered":"Assembleia Geral Extraordin\u00e1ria"},"content":{"rendered":"\n<p>A Assembleia reunir-se-\u00e1 no audit\u00f3rio da SFA\/RS localizado na Av. Loureiro da Silva n\u00b0515, 8\u00b0 andar em Porto Alegre &#8211; RS.<\/p>\n\n\n\n<p>ORDEM DO DIA:<br>1 &#8211; Apreciar e deliberar sobre o Regulamento Administrativo;<br>2 &#8211; Apreciar e deliberar sobre o Regulamento Eleitoral.<\/p>\n\n\n\n<p>LOCAL:<br>Audit\u00f3rio da SFA\/RS.<br><br>DATA:<br>28 de agosto de 2025.<br><br>HOR\u00c1RIO:<br>\u00c0s 13h30 &#8211; Em primeira convoca\u00e7\u00e3o.<br>\u00c0s 14h &#8211; Em segunda convoca\u00e7\u00e3o.<\/p>\n\n\n\n<p>&#8230;<br><\/p>\n\n\n\n<figure class=\"wp-block-image size-large is-resized\"><img fetchpriority=\"high\" decoding=\"async\" width=\"760\" height=\"1024\" src=\"https:\/\/www.sindagrirs.org.br\/site\/wp-content\/uploads\/2025\/08\/assembleia-280825b-760x1024.jpg\" alt=\"\" class=\"wp-image-2266\" style=\"width:611px;height:auto\" srcset=\"https:\/\/www.sindagrirs.org.br\/site\/wp-content\/uploads\/2025\/08\/assembleia-280825b-760x1024.jpg 760w, https:\/\/www.sindagrirs.org.br\/site\/wp-content\/uploads\/2025\/08\/assembleia-280825b-223x300.jpg 223w, https:\/\/www.sindagrirs.org.br\/site\/wp-content\/uploads\/2025\/08\/assembleia-280825b-768x1035.jpg 768w, https:\/\/www.sindagrirs.org.br\/site\/wp-content\/uploads\/2025\/08\/assembleia-280825b-1140x1536.jpg 1140w, https:\/\/www.sindagrirs.org.br\/site\/wp-content\/uploads\/2025\/08\/assembleia-280825b-370x500.jpg 370w, https:\/\/www.sindagrirs.org.br\/site\/wp-content\/uploads\/2025\/08\/assembleia-280825b-600x809.jpg 600w, https:\/\/www.sindagrirs.org.br\/site\/wp-content\/uploads\/2025\/08\/assembleia-280825b.jpg 1490w\" sizes=\"(max-width: 760px) 100vw, 760px\" \/><\/figure>\n\n\n\n<p><\/p>\n\n\n\n<p><\/p>\n","protected":false},"excerpt":{"rendered":"<p>A Assembleia reunir-se-\u00e1 no audit\u00f3rio da SFA\/RS localizado na Av. Loureiro da Silva n\u00b0515, 8\u00b0 andar em Porto Alegre &#8211; RS. ORDEM DO DIA:1 &#8211; Apreciar e deliberar sobre o Regulamento Administrativo;2 &#8211; Apreciar e deliberar sobre o Regulamento Eleitoral. LOCAL:Audit\u00f3rio da SFA\/RS. DATA:28 de agosto de 2025. HOR\u00c1RIO:\u00c0s 13h30 &#8211; Em primeira convoca\u00e7\u00e3o.\u00c0s 14h [&hellip;]<\/p>\n","protected":false},"author":1,"featured_media":2115,"comment_status":"closed","ping_status":"open","sticky":false,"template":"","format":"standard","meta":{"footnotes":""},"categories":[7],"tags":[],"class_list":["post-2259","post","type-post","status-publish","format-standard","has-post-thumbnail","hentry","category-noticia"],"_links":{"self":[{"href":"https:\/\/www.sindagrirs.org.br\/site\/wp-json\/wp\/v2\/posts\/2259","targetHints":{"allow":["GET"]}}],"collection":[{"href":"https:\/\/www.sindagrirs.org.br\/site\/wp-json\/wp\/v2\/posts"}],"about":[{"href":"https:\/\/www.sindagrirs.org.br\/site\/wp-json\/wp\/v2\/types\/post"}],"author":[{"embeddable":true,"href":"https:\/\/www.sindagrirs.org.br\/site\/wp-json\/wp\/v2\/users\/1"}],"replies":[{"embeddable":true,"href":"https:\/\/www.sindagrirs.org.br\/site\/wp-json\/wp\/v2\/comments?post=2259"}],"version-history":[{"count":3,"href":"https:\/\/www.sindagrirs.org.br\/site\/wp-json\/wp\/v2\/posts\/2259\/revisions"}],"predecessor-version":[{"id":2268,"href":"https:\/\/www.sindagrirs.org.br\/site\/wp-json\/wp\/v2\/posts\/2259\/revisions\/2268"}],"wp:featuredmedia":[{"embeddable":true,"href":"https:\/\/www.sindagrirs.org.br\/site\/wp-json\/wp\/v2\/media\/2115"}],"wp:attachment":[{"href":"https:\/\/www.sindagrirs.org.br\/site\/wp-json\/wp\/v2\/media?parent=2259"}],"wp:term":[{"taxonomy":"category","embeddable":true,"href":"https:\/\/www.sindagrirs.org.br\/site\/wp-json\/wp\/v2\/categories?post=2259"},{"taxonomy":"post_tag","embeddable":true,"href":"https:\/\/www.sindagrirs.org.br\/site\/wp-json\/wp\/v2\/tags?post=2259"}],"curies":[{"name":"wp","href":"https:\/\/api.w.org\/{rel}","templated":true}]}}