{"id":2023,"date":"2025-03-26T12:19:58","date_gmt":"2025-03-26T15:19:58","guid":{"rendered":"https:\/\/www.sindagrirs.org.br\/site\/?p=2023"},"modified":"2025-03-26T12:19:59","modified_gmt":"2025-03-26T15:19:59","slug":"live-pensao-apos-a-reforma-da-previdencia","status":"publish","type":"post","link":"https:\/\/www.sindagrirs.org.br\/site\/live-pensao-apos-a-reforma-da-previdencia\/","title":{"rendered":"LIVE: Pens\u00e3o ap\u00f3s a Reforma da Previd\u00eancia"},"content":{"rendered":"\n<p><strong><em>Coloque na agenda! Nossa primeira live ser\u00e1 dia 27\/3, \u00e0s 17h.<\/em><\/strong><\/p>\n\n\n\n<p>A assessoria jur\u00eddica do sindicato ir\u00e1 esclarecer as mudan\u00e7as nas <strong>regras de pens\u00e3o ap\u00f3s a Reforma da Previd\u00eancia.<\/strong><br><br><a href=\"https:\/\/www.youtube.com\/@SindagriRS\" data-type=\"link\" data-id=\"https:\/\/www.youtube.com\/@SindagriRS\" target=\"_blank\" rel=\"noreferrer noopener\">>> Assista &lt;&lt;<\/a><\/p>\n\n\n\n<p><\/p>\n","protected":false},"excerpt":{"rendered":"<p>Coloque na agenda! Nossa primeira live ser\u00e1 dia 27\/3, \u00e0s 17h. A assessoria jur\u00eddica do sindicato ir\u00e1 esclarecer as mudan\u00e7as nas regras de pens\u00e3o ap\u00f3s a Reforma da Previd\u00eancia. >> Assista &lt;&lt;<\/p>\n","protected":false},"author":3,"featured_media":2024,"comment_status":"closed","ping_status":"open","sticky":false,"template":"","format":"standard","meta":{"footnotes":""},"categories":[7],"tags":[],"class_list":["post-2023","post","type-post","status-publish","format-standard","has-post-thumbnail","hentry","category-noticia"],"_links":{"self":[{"href":"https:\/\/www.sindagrirs.org.br\/site\/wp-json\/wp\/v2\/posts\/2023","targetHints":{"allow":["GET"]}}],"collection":[{"href":"https:\/\/www.sindagrirs.org.br\/site\/wp-json\/wp\/v2\/posts"}],"about":[{"href":"https:\/\/www.sindagrirs.org.br\/site\/wp-json\/wp\/v2\/types\/post"}],"author":[{"embeddable":true,"href":"https:\/\/www.sindagrirs.org.br\/site\/wp-json\/wp\/v2\/users\/3"}],"replies":[{"embeddable":true,"href":"https:\/\/www.sindagrirs.org.br\/site\/wp-json\/wp\/v2\/comments?post=2023"}],"version-history":[{"count":1,"href":"https:\/\/www.sindagrirs.org.br\/site\/wp-json\/wp\/v2\/posts\/2023\/revisions"}],"predecessor-version":[{"id":2025,"href":"https:\/\/www.sindagrirs.org.br\/site\/wp-json\/wp\/v2\/posts\/2023\/revisions\/2025"}],"wp:featuredmedia":[{"embeddable":true,"href":"https:\/\/www.sindagrirs.org.br\/site\/wp-json\/wp\/v2\/media\/2024"}],"wp:attachment":[{"href":"https:\/\/www.sindagrirs.org.br\/site\/wp-json\/wp\/v2\/media?parent=2023"}],"wp:term":[{"taxonomy":"category","embeddable":true,"href":"https:\/\/www.sindagrirs.org.br\/site\/wp-json\/wp\/v2\/categories?post=2023"},{"taxonomy":"post_tag","embeddable":true,"href":"https:\/\/www.sindagrirs.org.br\/site\/wp-json\/wp\/v2\/tags?post=2023"}],"curies":[{"name":"wp","href":"https:\/\/api.w.org\/{rel}","templated":true}]}}