{"id":1878,"date":"2024-11-22T14:48:57","date_gmt":"2024-11-22T17:48:57","guid":{"rendered":"https:\/\/www.sindagrirs.org.br\/site\/?p=1878"},"modified":"2024-11-22T14:48:58","modified_gmt":"2024-11-22T17:48:58","slug":"sindagri-rs-participa-de-audiencia-no-processo-de-conversao-de-tempo-especial-insalubre","status":"publish","type":"post","link":"https:\/\/www.sindagrirs.org.br\/site\/sindagri-rs-participa-de-audiencia-no-processo-de-conversao-de-tempo-especial-insalubre\/","title":{"rendered":"SINDAGRI-RS participa de audi\u00eancia no processo de convers\u00e3o de tempo especial insalubre"},"content":{"rendered":"\n<p>No \u00faltimo dia 13, o SINDAGRI-RS participou de uma audi\u00eancia na Justi\u00e7a Federal para tratar da convers\u00e3o do tempo especial insalubre.<\/p>\n\n\n\n<p>Em 2022, o Sindicato ajuizou um Mandado de Seguran\u00e7a Coletivo para que os pedidos de convers\u00e3o de tempo especial insalubre feitos pelos servidores do MAPA, lotados no RS, fossem analisados pelo Minist\u00e9rio da Agricultura. Apesar da decis\u00e3o favor\u00e1vel no processo, o MAPA n\u00e3o est\u00e1 cumprindo a decis\u00e3o judicial proferida. Segundo a Uni\u00e3o, h\u00e1 defici\u00eancia de profissionais habilitados (peritos m\u00e9dicos ou engenheiros do trabalho) para emiss\u00e3o dos laudos necess\u00e1rios \u00e0 conclus\u00e3o dos processos administrativos.<\/p>\n\n\n\n<p>Durante a audi\u00eancia, com a presen\u00e7a do Secret\u00e1rio-Geral do Sindagri-RS, Mauro Ruggiro, e do assessor jur\u00eddico do Sindicato, Francis Bordas, a Superintend\u00eancia do MAPA no RS comprometeu-se a apresentar os PPPs \u2013 Perfis Profissiogr\u00e1ficos Previdenci\u00e1rios \u2013 nos processos administrativos. A AGU, por sua vez, informar\u00e1 nos autos sobre a possibilidade de contrata\u00e7\u00e3o de m\u00e9dico ou engenheiro do trabalho para a confec\u00e7\u00e3o dos laudos periciais e conclus\u00e3o dos processos.<\/p>\n\n\n\n<p>O Sindicato continuar\u00e1 monitorando o andamento desse processo judicial e, havendo novidades, far\u00e1 um novo comunicado.<\/p>\n\n\n\n<p>Orienta\u00e7\u00f5es pr\u00e1ticas: a assessoria jur\u00eddica destaca que o Judici\u00e1rio vem reconhecendo o direito dos servidores \u00e0 convers\u00e3o de tempo especial insalubre, antecipando o direito ao abono de perman\u00eancia e \u00e0 aposentadoria. Portanto, orienta os servidores em atividade ou aposentados a menos de 5 anos a buscarem atendimento individualizado para an\u00e1lise de seu caso.<br><br>Foto: CNJ<\/p>\n","protected":false},"excerpt":{"rendered":"<p>No \u00faltimo dia 13, o SINDAGRI-RS participou de uma audi\u00eancia na Justi\u00e7a Federal para tratar da convers\u00e3o do tempo especial insalubre. Em 2022, o Sindicato ajuizou um Mandado de Seguran\u00e7a Coletivo para que os pedidos de convers\u00e3o de tempo especial insalubre feitos pelos servidores do MAPA, lotados no RS, fossem analisados pelo Minist\u00e9rio da Agricultura. [&hellip;]<\/p>\n","protected":false},"author":3,"featured_media":1879,"comment_status":"closed","ping_status":"open","sticky":false,"template":"","format":"standard","meta":{"footnotes":""},"categories":[7],"tags":[],"class_list":["post-1878","post","type-post","status-publish","format-standard","has-post-thumbnail","hentry","category-noticia"],"_links":{"self":[{"href":"https:\/\/www.sindagrirs.org.br\/site\/wp-json\/wp\/v2\/posts\/1878","targetHints":{"allow":["GET"]}}],"collection":[{"href":"https:\/\/www.sindagrirs.org.br\/site\/wp-json\/wp\/v2\/posts"}],"about":[{"href":"https:\/\/www.sindagrirs.org.br\/site\/wp-json\/wp\/v2\/types\/post"}],"author":[{"embeddable":true,"href":"https:\/\/www.sindagrirs.org.br\/site\/wp-json\/wp\/v2\/users\/3"}],"replies":[{"embeddable":true,"href":"https:\/\/www.sindagrirs.org.br\/site\/wp-json\/wp\/v2\/comments?post=1878"}],"version-history":[{"count":1,"href":"https:\/\/www.sindagrirs.org.br\/site\/wp-json\/wp\/v2\/posts\/1878\/revisions"}],"predecessor-version":[{"id":1880,"href":"https:\/\/www.sindagrirs.org.br\/site\/wp-json\/wp\/v2\/posts\/1878\/revisions\/1880"}],"wp:featuredmedia":[{"embeddable":true,"href":"https:\/\/www.sindagrirs.org.br\/site\/wp-json\/wp\/v2\/media\/1879"}],"wp:attachment":[{"href":"https:\/\/www.sindagrirs.org.br\/site\/wp-json\/wp\/v2\/media?parent=1878"}],"wp:term":[{"taxonomy":"category","embeddable":true,"href":"https:\/\/www.sindagrirs.org.br\/site\/wp-json\/wp\/v2\/categories?post=1878"},{"taxonomy":"post_tag","embeddable":true,"href":"https:\/\/www.sindagrirs.org.br\/site\/wp-json\/wp\/v2\/tags?post=1878"}],"curies":[{"name":"wp","href":"https:\/\/api.w.org\/{rel}","templated":true}]}}