{"id":1850,"date":"2024-11-12T17:03:18","date_gmt":"2024-11-12T20:03:18","guid":{"rendered":"https:\/\/www.sindagrirs.org.br\/site\/?p=1850"},"modified":"2024-11-12T17:03:19","modified_gmt":"2024-11-12T20:03:19","slug":"alerta-associacoes-e-escritorios-de-advocacia-oferecem-acoes-ja-ajuizadas-pelo-sindagri-rs","status":"publish","type":"post","link":"https:\/\/www.sindagrirs.org.br\/site\/alerta-associacoes-e-escritorios-de-advocacia-oferecem-acoes-ja-ajuizadas-pelo-sindagri-rs\/","title":{"rendered":"ALERTA: associa\u00e7\u00f5es e escrit\u00f3rios de advocacia oferecem a\u00e7\u00f5es j\u00e1 ajuizadas pelo SINDAGRI\/RS"},"content":{"rendered":"\n<p>O SINDAGRI\/RS tomou conhecimento de que pensionistas est\u00e3o sendo contatadas por associa\u00e7\u00f5es e escrit\u00f3rios para o ingresso com a\u00e7\u00f5es individuais sobre o reajuste de pens\u00e3o.<\/p>\n\n\n\n<p>O Sindicato comunica que j\u00e1 tem a\u00e7\u00e3o ganha sobre esse tema: <strong>reajuste nas pens\u00f5es concedidas com base na emenda constitucional 41\/2003<\/strong>. Essa a\u00e7\u00e3o alcan\u00e7a as pens\u00f5es concedidas entre 2004 e 2008, ou seja, para a pensionista ter direito, a data do falecimento do servidor que instituiu a pens\u00e3o deve ter ocorrido entre 2004 e 2008. A assessoria jur\u00eddica do Sindicato ressalta que a implementa\u00e7\u00e3o das diferen\u00e7as em contracheque e o pagamento dos atrasados ser\u00e1 realizado na a\u00e7\u00e3o coletiva, <strong>n\u00e3o havendo necessidade de ajuizar a\u00e7\u00e3o individual.<\/strong><\/p>\n\n\n\n<p>Assim, \u00e9 importante redobrar os cuidados ao receber contatos de outras associa\u00e7\u00f5es e escrit\u00f3rios de advocacia, pois, ao assinar uma procura\u00e7\u00e3o, o servidor pode estar abrindo m\u00e3o da a\u00e7\u00e3o coletiva j\u00e1 ajuizada pelo Sindicato, correndo o risco de receber um valor menor do que o devido, ou ajuizar uma a\u00e7\u00e3o que sequer tem direito.<\/p>\n\n\n\n<p>A recomenda\u00e7\u00e3o \u00e9 de que os filiados que receberem liga\u00e7\u00f5es de outras associa\u00e7\u00f5es entrem em contato com a assessoria jur\u00eddica do sindicato &#8211; Escrit\u00f3rio Bordas Advogados &#8211; para obter mais informa\u00e7\u00f5es sobre os processos em andamento e as consequ\u00eancias da assinatura de nova procura\u00e7\u00e3o. O atendimento \u00e9 realizado de segunda a quinta-feira, das 10h \u00e0s 12h e das 14h \u00e0s 16h, atrav\u00e9s dos canais abaixo:<\/p>\n\n\n\n<p><a href=\"bordas@bordas.adv.br\" data-type=\"link\" data-id=\"bordas@bordas.adv.br\">E-mail: bordas@bordas.adv.br<\/a><\/p>\n\n\n\n<p><a href=\"tel:+555132289997\" target=\"_blank\" rel=\"noreferrer noopener\">Telefone (51) 3228-9997<\/a><\/p>\n\n\n\n<p><a href=\"https:\/\/api.whatsapp.com\/send?phone=5551993283418\">WhatsApp: (51) 99328-3418<\/a><\/p>\n","protected":false},"excerpt":{"rendered":"<p>O SINDAGRI\/RS tomou conhecimento de que pensionistas est\u00e3o sendo contatadas por associa\u00e7\u00f5es e escrit\u00f3rios para o ingresso com a\u00e7\u00f5es individuais sobre o reajuste de pens\u00e3o. O Sindicato comunica que j\u00e1 tem a\u00e7\u00e3o ganha sobre esse tema: reajuste nas pens\u00f5es concedidas com base na emenda constitucional 41\/2003. Essa a\u00e7\u00e3o alcan\u00e7a as pens\u00f5es concedidas entre 2004 e [&hellip;]<\/p>\n","protected":false},"author":3,"featured_media":1150,"comment_status":"closed","ping_status":"open","sticky":false,"template":"","format":"standard","meta":{"footnotes":""},"categories":[7],"tags":[],"class_list":["post-1850","post","type-post","status-publish","format-standard","has-post-thumbnail","hentry","category-noticia"],"_links":{"self":[{"href":"https:\/\/www.sindagrirs.org.br\/site\/wp-json\/wp\/v2\/posts\/1850","targetHints":{"allow":["GET"]}}],"collection":[{"href":"https:\/\/www.sindagrirs.org.br\/site\/wp-json\/wp\/v2\/posts"}],"about":[{"href":"https:\/\/www.sindagrirs.org.br\/site\/wp-json\/wp\/v2\/types\/post"}],"author":[{"embeddable":true,"href":"https:\/\/www.sindagrirs.org.br\/site\/wp-json\/wp\/v2\/users\/3"}],"replies":[{"embeddable":true,"href":"https:\/\/www.sindagrirs.org.br\/site\/wp-json\/wp\/v2\/comments?post=1850"}],"version-history":[{"count":1,"href":"https:\/\/www.sindagrirs.org.br\/site\/wp-json\/wp\/v2\/posts\/1850\/revisions"}],"predecessor-version":[{"id":1851,"href":"https:\/\/www.sindagrirs.org.br\/site\/wp-json\/wp\/v2\/posts\/1850\/revisions\/1851"}],"wp:featuredmedia":[{"embeddable":true,"href":"https:\/\/www.sindagrirs.org.br\/site\/wp-json\/wp\/v2\/media\/1150"}],"wp:attachment":[{"href":"https:\/\/www.sindagrirs.org.br\/site\/wp-json\/wp\/v2\/media?parent=1850"}],"wp:term":[{"taxonomy":"category","embeddable":true,"href":"https:\/\/www.sindagrirs.org.br\/site\/wp-json\/wp\/v2\/categories?post=1850"},{"taxonomy":"post_tag","embeddable":true,"href":"https:\/\/www.sindagrirs.org.br\/site\/wp-json\/wp\/v2\/tags?post=1850"}],"curies":[{"name":"wp","href":"https:\/\/api.w.org\/{rel}","templated":true}]}}